{"id":3363,"date":"2022-03-05T12:01:20","date_gmt":"2022-03-05T12:01:20","guid":{"rendered":"https:\/\/clinicadrtallon.com\/?p=3363"},"modified":"2022-07-06T18:41:17","modified_gmt":"2022-07-06T18:41:17","slug":"celebrar-a-vida","status":"publish","type":"post","link":"https:\/\/clinicadrtallon.com\/en\/vida-saudavel\/celebrar-a-vida\/","title":{"rendered":"Celebrar a vida"},"content":{"rendered":"<p><iframe loading=\"lazy\" title=\"Celebrating Life\" width=\"1080\" height=\"608\" src=\"https:\/\/www.youtube.com\/embed\/bmIgSX2NO3c?feature=oembed\"  allow=\"accelerometer; autoplay; clipboard-write; encrypted-media; gyroscope; picture-in-picture\" allowfullscreen><\/iframe><\/p>\n<p>Hoje n\u00e3o vamos falar de dieta, hoje vamos falar da vida, ou melhor, de celebrar a vida!<br \/>\nHoje faz anos o meu filho Rafael, parab\u00e9ns filho!<br \/>\nE que fant\u00e1stica oportunidade para fazer \u201co dia da asneira\u201d! Com certeza que o vamos fazer.<br \/>\nSou a favor que os filhos t\u00eam que seguir o seu pr\u00f3prio caminho, sempre com o nosso apoio e est\u00edmulo, claro, mas no final, a escolha ser\u00e1 deles. O nosso papel, como pais, \u00e9 acompanh\u00e1-los e, por vezes, sermos o amigo que eles mais precisam. No entanto, nunca nos devemos esquecer que, primeiro, somos pais.<\/p>\n<p><a href=\"https:\/\/clinicadrtallon.com\/en\/#consulta\" target=\"_blank\" rel=\"noopener\"><img loading=\"lazy\" decoding=\"async\" class=\"alignleft wp-image-3399 size-full\" src=\"https:\/\/clinicadrtallon.com\/wp-content\/uploads\/2022\/06\/Call_to_Action_Button_02.jpg\" alt=\"Marque uma Consulta Onine &gt;\" width=\"301\" height=\"105\" srcset=\"https:\/\/clinicadrtallon.com\/wp-content\/uploads\/2022\/06\/Call_to_Action_Button_02.jpg 301w, https:\/\/clinicadrtallon.com\/wp-content\/uploads\/2022\/06\/Call_to_Action_Button_02-18x6.jpg 18w\" sizes=\"(max-width: 301px) 100vw, 301px\" \/><\/a><\/p>","protected":false},"excerpt":{"rendered":"<p>Hoje n\u00e3o vamos falar de dieta, hoje vamos falar da vida, ou melhor, de celebrar a vida! Hoje faz anos o meu filho Rafael, parab\u00e9ns filho! E que fant\u00e1stica oportunidade para fazer \u201co dia da asneira\u201d! Com certeza que o vamos fazer. Sou a favor que os filhos t\u00eam que seguir o seu pr\u00f3prio caminho, [&hellip;]<\/p>\n","protected":false},"author":1,"featured_media":3364,"comment_status":"open","ping_status":"open","sticky":false,"template":"","format":"video","meta":{"_et_pb_use_builder":"","_et_pb_old_content":"","_et_gb_content_width":"","footnotes":""},"categories":[21],"tags":[],"class_list":["post-3363","post","type-post","status-publish","format-video","has-post-thumbnail","hentry","category-vida-saudavel","post_format-post-format-video"],"_links":{"self":[{"href":"https:\/\/clinicadrtallon.com\/en\/wp-json\/wp\/v2\/posts\/3363","targetHints":{"allow":["GET"]}}],"collection":[{"href":"https:\/\/clinicadrtallon.com\/en\/wp-json\/wp\/v2\/posts"}],"about":[{"href":"https:\/\/clinicadrtallon.com\/en\/wp-json\/wp\/v2\/types\/post"}],"author":[{"embeddable":true,"href":"https:\/\/clinicadrtallon.com\/en\/wp-json\/wp\/v2\/users\/1"}],"replies":[{"embeddable":true,"href":"https:\/\/clinicadrtallon.com\/en\/wp-json\/wp\/v2\/comments?post=3363"}],"version-history":[{"count":0,"href":"https:\/\/clinicadrtallon.com\/en\/wp-json\/wp\/v2\/posts\/3363\/revisions"}],"wp:featuredmedia":[{"embeddable":true,"href":"https:\/\/clinicadrtallon.com\/en\/wp-json\/wp\/v2\/media\/3364"}],"wp:attachment":[{"href":"https:\/\/clinicadrtallon.com\/en\/wp-json\/wp\/v2\/media?parent=3363"}],"wp:term":[{"taxonomy":"category","embeddable":true,"href":"https:\/\/clinicadrtallon.com\/en\/wp-json\/wp\/v2\/categories?post=3363"},{"taxonomy":"post_tag","embeddable":true,"href":"https:\/\/clinicadrtallon.com\/en\/wp-json\/wp\/v2\/tags?post=3363"}],"curies":[{"name":"wp","href":"https:\/\/api.w.org\/{rel}","templated":true}]}}