{"id":3762,"date":"2023-03-04T21:17:20","date_gmt":"2023-03-04T21:17:20","guid":{"rendered":"https:\/\/clinicadrtallon.com\/?p=3762"},"modified":"2023-05-01T21:18:00","modified_gmt":"2023-05-01T21:18:00","slug":"gravidez-amamentacao-e-alimentacao","status":"publish","type":"post","link":"https:\/\/clinicadrtallon.com\/en\/nutricao\/comer-saudavel\/gravidez-amamentacao-e-alimentacao\/","title":{"rendered":"Gravidez, amamenta\u00e7\u00e3o e alimenta\u00e7\u00e3o"},"content":{"rendered":"<p><iframe loading=\"lazy\" title=\"Pregnancy, Breastfeeding and Nutrition\" width=\"1080\" height=\"608\" src=\"https:\/\/www.youtube.com\/embed\/P_E0ty90p8I?feature=oembed\"  allow=\"accelerometer; autoplay; clipboard-write; encrypted-media; gyroscope; picture-in-picture; web-share\" allowfullscreen><\/iframe><\/p>\n<p>Gravidez, amamenta\u00e7\u00e3o e alimenta\u00e7\u00e3o<\/p>\n<p>A alimenta\u00e7\u00e3o, durante a gravidez e a amamenta\u00e7\u00e3o, \u00e9 muito mais complexa do que contar calorias, ganhar ou perder peso. O mais importante \u00e9 garantir os nutrientes necess\u00e1rios nestas fases espec\u00edficas da vida.<br \/>\nDesta forma, decidimos incluir na Cl\u00ednica uma nutricionista com forma\u00e7\u00e3o espec\u00edfica para a acompanhar nestas duas situa\u00e7\u00f5es.<br \/>\nEm vez de contabilizar as calorias que consome, contabilizar\u00e1 a qualidade dos alimentos que come diariamente. Isto \u00e9 um conselho fundamental para todos, mas ganha uma import\u00e2ncia maior nestes dois casos espec\u00edficos.<\/p>\n<p>Se est\u00e1 gr\u00e1vida e\/ou a amamentar e precisa de acompanhamento nesta fase da sua vida, n\u00f3s podemos ajud\u00e1-la.<\/p>\n<p>Tenha um fant\u00e1stico fim-de-semana!<\/p>","protected":false},"excerpt":{"rendered":"<p>Gravidez, amamenta\u00e7\u00e3o e alimenta\u00e7\u00e3o A alimenta\u00e7\u00e3o, durante a gravidez e a amamenta\u00e7\u00e3o, \u00e9 muito mais complexa do que contar calorias, ganhar ou perder peso. O mais importante \u00e9 garantir os nutrientes necess\u00e1rios nestas fases espec\u00edficas da vida. Desta forma, decidimos incluir na Cl\u00ednica uma nutricionista com forma\u00e7\u00e3o espec\u00edfica para a acompanhar nestas duas situa\u00e7\u00f5es. Em [&hellip;]<\/p>\n","protected":false},"author":3,"featured_media":3763,"comment_status":"open","ping_status":"open","sticky":false,"template":"","format":"video","meta":{"_et_pb_use_builder":"","_et_pb_old_content":"","_et_gb_content_width":"","footnotes":""},"categories":[13,14,21],"tags":[],"class_list":["post-3762","post","type-post","status-publish","format-video","has-post-thumbnail","hentry","category-comer-saudavel","category-nutricao","category-vida-saudavel","post_format-post-format-video"],"_links":{"self":[{"href":"https:\/\/clinicadrtallon.com\/en\/wp-json\/wp\/v2\/posts\/3762","targetHints":{"allow":["GET"]}}],"collection":[{"href":"https:\/\/clinicadrtallon.com\/en\/wp-json\/wp\/v2\/posts"}],"about":[{"href":"https:\/\/clinicadrtallon.com\/en\/wp-json\/wp\/v2\/types\/post"}],"author":[{"embeddable":true,"href":"https:\/\/clinicadrtallon.com\/en\/wp-json\/wp\/v2\/users\/3"}],"replies":[{"embeddable":true,"href":"https:\/\/clinicadrtallon.com\/en\/wp-json\/wp\/v2\/comments?post=3762"}],"version-history":[{"count":0,"href":"https:\/\/clinicadrtallon.com\/en\/wp-json\/wp\/v2\/posts\/3762\/revisions"}],"wp:featuredmedia":[{"embeddable":true,"href":"https:\/\/clinicadrtallon.com\/en\/wp-json\/wp\/v2\/media\/3763"}],"wp:attachment":[{"href":"https:\/\/clinicadrtallon.com\/en\/wp-json\/wp\/v2\/media?parent=3762"}],"wp:term":[{"taxonomy":"category","embeddable":true,"href":"https:\/\/clinicadrtallon.com\/en\/wp-json\/wp\/v2\/categories?post=3762"},{"taxonomy":"post_tag","embeddable":true,"href":"https:\/\/clinicadrtallon.com\/en\/wp-json\/wp\/v2\/tags?post=3762"}],"curies":[{"name":"wp","href":"https:\/\/api.w.org\/{rel}","templated":true}]}}